{"id":34585,"date":"2026-04-27T16:38:03","date_gmt":"2026-04-27T13:38:03","guid":{"rendered":"https:\/\/antenagroup.ro\/?p=34585"},"modified":"2026-04-27T16:38:05","modified_gmt":"2026-04-27T13:38:05","slug":"filmarile-pentru-survivor-au-luat-sfarsit-marea-finala-va-fi-live-din-republica-dominicana","status":"publish","type":"post","link":"https:\/\/antenagroup.ro\/ro\/stiri\/filmarile-pentru-survivor-au-luat-sfarsit-marea-finala-va-fi-live-din-republica-dominicana.html","title":{"rendered":"Film\u0103rile pentru Survivor au luat sf\u00e2r\u0219it! Marea final\u0103 va fi LIVE, din Republica Dominican\u0103!"},"content":{"rendered":"\n<p>24 de concuren\u021bi au \u00eenceput lupta, parte din dou\u0103 triburi \u2013 Faimo\u0219i \u0219i R\u0103zboinici. Pe parcurs, al\u021bi 7 li s-au al\u0103turat, devenindu-le coechipieri \u0219i parteneri sau adversari \u00een lupt\u0103. Pentru 14 dintre ei, weekend-ul trecut a marcat cel mai a\u0219teptat prag \u2013 Unificarea! Drumul c\u0103tre marea final\u0103 se poate vedea \u00een fiecare vineri, s\u00e2mb\u0103t\u0103 \u0219i duminic\u0103, doar la Antena 1 \u0219i pe AntenaPLAY. Provoc\u0103rile continu\u0103, doar unul va fi campionul Survivor \u00een anul 2026!<\/p>\n\n\n\n<p>Departe de confortul casei \u0219i iubirea familiei, departe de via\u021ba cotidian\u0103 \u0219i activit\u0103\u021bile lor clasice, curajo\u0219ii acestui sezon au \u00eenv\u0103\u021bat s\u0103 tr\u0103iasc\u0103 \u00een jungla din Republica Dominican\u0103 \u0219i s\u0103 accepte imprevizibilul, ca parte a normalit\u0103\u021bii. Cu fiecare etap\u0103 trecut\u0103, au sperat s\u0103 ajung\u0103 tot mai departe \u0219i unii dintre ei au mers p\u00e2n\u0103 la cap\u0103t.<\/p>\n\n\n\n<p>Dac\u0103 cei de acas\u0103 tocmai ce s-au bucurat de Unificare \u0219i de modul \u00een care povestea se rescrie \u00een noul trib, Los Ni\u00f1os, concuren\u021bii au \u00eenceput s\u0103-\u0219i aminteasc\u0103 cum se desf\u0103\u0219oar\u0103 via\u021ba lor, \u00een mod obi\u0219nuit. Film\u0103rile s-au \u00eencheiat, iar ace\u0219tia au revenit la familiile lor \u0219i a\u0219teapt\u0103 cu ner\u0103bdare s\u0103 plece \u00eenapoi spre jungla care le-a devenit cas\u0103, pentru a afla cine va deveni marele campion.<\/p>\n\n\n\n<p>Finala Survivor va putea fi urm\u0103rit\u0103 LIVE, din Dominican\u0103, doar la Antena 1 \u0219i pe AntenaPLAY! Dup\u0103 jocuri grele \u0219i numerose intr\u0103ri pe trasee, \u00een care vor demonstra c\u0103-\u0219i merit\u0103 locul \u00een ultima etap\u0103, concuren\u021bii \u00ee\u0219i vor l\u0103sa soarta \u00een m\u00e2inile celor de acas\u0103. Doar votul lor va decide cine merit\u0103 trofeul \u0219i marele premiu de 100.000 de euro.<\/p>\n\n\n\n<p>P\u00e2n\u0103 la marea final\u0103, au mai r\u0103mas c\u00e2teva s\u0103pt\u0103m\u00e2ni, jocuri din ce \u00een ce mai dificile, surprize, r\u0103sturn\u0103ri de situa\u021bie \u0219i tensiuni care ating cel mai \u00eenalt nivel.<\/p>\n\n\n\n<p>Weekend-ul este SURVIVOR! \u00cen fiecare vineri, de la 20:30, s\u00e2mb\u0103t\u0103 \u0219i duminic\u0103, de la ora 20:00, nu rata\u021bi la Antena 1 \u0219i pe AntenaPLAY cel mai dur format de televiziune!<\/p>\n","protected":false},"excerpt":{"rendered":"<p>24 de concuren\u021bi au \u00eenceput lupta, parte din dou\u0103 triburi \u2013 Faimo\u0219i \u0219i R\u0103zboinici. Pe parcurs, al\u021bi 7 li s-au al\u0103turat, devenindu-le coechipieri \u0219i parteneri sau adversari \u00een lupt\u0103. Pentru 14 dintre ei, weekend-ul trecut a marcat cel mai a\u0219teptat prag \u2013 Unificarea! Drumul c\u0103tre marea final\u0103 se poate vedea \u00een fiecare vineri, s\u00e2mb\u0103t\u0103 \u0219i [&hellip;]<\/p>\n","protected":false},"author":10,"featured_media":34586,"comment_status":"open","ping_status":"open","sticky":false,"template":"","format":"standard","meta":{"_acf_changed":false,"footnotes":""},"categories":[14],"tags":[],"class_list":["post-34585","post","type-post","status-publish","format-standard","has-post-thumbnail","hentry","category-stiri"],"acf":[],"yoast_head":"<!-- This site is optimized with the Yoast SEO Premium plugin v27.2 (Yoast SEO v27.2) - https:\/\/yoast.com\/product\/yoast-seo-premium-wordpress\/ -->\n<title>Film\u0103rile pentru Survivor au luat sf\u00e2r\u0219it! Marea final\u0103 va fi LIVE, din Republica Dominican\u0103! - Antena Group - Leading Media &amp; Entertainment in Romania | Antena TV Group<\/title>\n<meta name=\"robots\" content=\"index, follow, max-snippet:-1, max-image-preview:large, max-video-preview:-1\" \/>\n<link rel=\"canonical\" href=\"https:\/\/antenagroup.ro\/ro\/stiri\/filmarile-pentru-survivor-au-luat-sfarsit-marea-finala-va-fi-live-din-republica-dominicana.html\" \/>\n<meta property=\"og:locale\" content=\"ro_RO\" \/>\n<meta property=\"og:type\" content=\"article\" \/>\n<meta property=\"og:title\" content=\"Film\u0103rile pentru Survivor au luat sf\u00e2r\u0219it! Marea final\u0103 va fi LIVE, din Republica Dominican\u0103!\" \/>\n<meta property=\"og:description\" content=\"24 de concuren\u021bi au \u00eenceput lupta, parte din dou\u0103 triburi \u2013 Faimo\u0219i \u0219i R\u0103zboinici. Pe parcurs, al\u021bi 7 li s-au al\u0103turat, devenindu-le coechipieri \u0219i parteneri sau adversari \u00een lupt\u0103. Pentru 14 dintre ei, weekend-ul trecut a marcat cel mai a\u0219teptat prag \u2013 Unificarea! Drumul c\u0103tre marea final\u0103 se poate vedea \u00een fiecare vineri, s\u00e2mb\u0103t\u0103 \u0219i [&hellip;]\" \/>\n<meta property=\"og:url\" content=\"https:\/\/antenagroup.ro\/ro\/stiri\/filmarile-pentru-survivor-au-luat-sfarsit-marea-finala-va-fi-live-din-republica-dominicana.html\" \/>\n<meta property=\"og:site_name\" content=\"Antena Group - Leading Media &amp; Entertainment in Romania | Antena TV Group\" \/>\n<meta property=\"article:published_time\" content=\"2026-04-27T13:38:03+00:00\" \/>\n<meta property=\"article:modified_time\" content=\"2026-04-27T13:38:05+00:00\" \/>\n<meta property=\"og:image\" content=\"https:\/\/antenagroup.ro\/wp-content\/uploads\/2026\/04\/Adi-Vasile-scaled-e1777297076386.jpg\" \/>\n\t<meta property=\"og:image:width\" content=\"1680\" \/>\n\t<meta property=\"og:image:height\" content=\"1075\" \/>\n\t<meta property=\"og:image:type\" content=\"image\/jpeg\" \/>\n<meta name=\"author\" content=\"Iulia Nicolaescu\" \/>\n<meta name=\"twitter:card\" content=\"summary_large_image\" \/>\n<meta name=\"twitter:label1\" content=\"Scris de\" \/>\n\t<meta name=\"twitter:data1\" content=\"Iulia Nicolaescu\" \/>\n\t<meta name=\"twitter:label2\" content=\"Timp estimat pentru citire\" \/>\n\t<meta name=\"twitter:data2\" content=\"2 minute\" \/>\n<script type=\"application\/ld+json\" class=\"yoast-schema-graph\">{\"@context\":\"https:\/\/schema.org\",\"@graph\":[{\"@type\":\"Article\",\"@id\":\"https:\/\/antenagroup.ro\/ro\/stiri\/filmarile-pentru-survivor-au-luat-sfarsit-marea-finala-va-fi-live-din-republica-dominicana.html#article\",\"isPartOf\":{\"@id\":\"https:\/\/antenagroup.ro\/ro\/stiri\/filmarile-pentru-survivor-au-luat-sfarsit-marea-finala-va-fi-live-din-republica-dominicana.html\"},\"author\":{\"name\":\"Iulia Nicolaescu\",\"@id\":\"https:\/\/antenagroup.ro\/ro#\/schema\/person\/3b51278da5026fa447486687e0e16ae3\"},\"headline\":\"Film\u0103rile pentru Survivor au luat sf\u00e2r\u0219it! Marea final\u0103 va fi LIVE, din Republica Dominican\u0103!\",\"datePublished\":\"2026-04-27T13:38:03+00:00\",\"dateModified\":\"2026-04-27T13:38:05+00:00\",\"mainEntityOfPage\":{\"@id\":\"https:\/\/antenagroup.ro\/ro\/stiri\/filmarile-pentru-survivor-au-luat-sfarsit-marea-finala-va-fi-live-din-republica-dominicana.html\"},\"wordCount\":366,\"commentCount\":0,\"publisher\":{\"@id\":\"https:\/\/antenagroup.ro\/ro#organization\"},\"image\":{\"@id\":\"https:\/\/antenagroup.ro\/ro\/stiri\/filmarile-pentru-survivor-au-luat-sfarsit-marea-finala-va-fi-live-din-republica-dominicana.html#primaryimage\"},\"thumbnailUrl\":\"https:\/\/antenagroup.ro\/wp-content\/uploads\/2026\/04\/Adi-Vasile-scaled-e1777297076386.jpg\",\"articleSection\":[\"\u0218tiri\"],\"inLanguage\":\"ro-RO\",\"potentialAction\":[{\"@type\":\"CommentAction\",\"name\":\"Comment\",\"target\":[\"https:\/\/antenagroup.ro\/ro\/stiri\/filmarile-pentru-survivor-au-luat-sfarsit-marea-finala-va-fi-live-din-republica-dominicana.html#respond\"]}]},{\"@type\":\"WebPage\",\"@id\":\"https:\/\/antenagroup.ro\/ro\/stiri\/filmarile-pentru-survivor-au-luat-sfarsit-marea-finala-va-fi-live-din-republica-dominicana.html\",\"url\":\"https:\/\/antenagroup.ro\/ro\/stiri\/filmarile-pentru-survivor-au-luat-sfarsit-marea-finala-va-fi-live-din-republica-dominicana.html\",\"name\":\"Film\u0103rile pentru Survivor au luat sf\u00e2r\u0219it! Marea final\u0103 va fi LIVE, din Republica Dominican\u0103! - Antena Group - Leading Media &amp; Entertainment in Romania | Antena TV Group\",\"isPartOf\":{\"@id\":\"https:\/\/antenagroup.ro\/ro#website\"},\"primaryImageOfPage\":{\"@id\":\"https:\/\/antenagroup.ro\/ro\/stiri\/filmarile-pentru-survivor-au-luat-sfarsit-marea-finala-va-fi-live-din-republica-dominicana.html#primaryimage\"},\"image\":{\"@id\":\"https:\/\/antenagroup.ro\/ro\/stiri\/filmarile-pentru-survivor-au-luat-sfarsit-marea-finala-va-fi-live-din-republica-dominicana.html#primaryimage\"},\"thumbnailUrl\":\"https:\/\/antenagroup.ro\/wp-content\/uploads\/2026\/04\/Adi-Vasile-scaled-e1777297076386.jpg\",\"datePublished\":\"2026-04-27T13:38:03+00:00\",\"dateModified\":\"2026-04-27T13:38:05+00:00\",\"breadcrumb\":{\"@id\":\"https:\/\/antenagroup.ro\/ro\/stiri\/filmarile-pentru-survivor-au-luat-sfarsit-marea-finala-va-fi-live-din-republica-dominicana.html#breadcrumb\"},\"inLanguage\":\"ro-RO\",\"potentialAction\":[{\"@type\":\"ReadAction\",\"target\":[\"https:\/\/antenagroup.ro\/ro\/stiri\/filmarile-pentru-survivor-au-luat-sfarsit-marea-finala-va-fi-live-din-republica-dominicana.html\"]}]},{\"@type\":\"ImageObject\",\"inLanguage\":\"ro-RO\",\"@id\":\"https:\/\/antenagroup.ro\/ro\/stiri\/filmarile-pentru-survivor-au-luat-sfarsit-marea-finala-va-fi-live-din-republica-dominicana.html#primaryimage\",\"url\":\"https:\/\/antenagroup.ro\/wp-content\/uploads\/2026\/04\/Adi-Vasile-scaled-e1777297076386.jpg\",\"contentUrl\":\"https:\/\/antenagroup.ro\/wp-content\/uploads\/2026\/04\/Adi-Vasile-scaled-e1777297076386.jpg\",\"width\":1680,\"height\":1075},{\"@type\":\"BreadcrumbList\",\"@id\":\"https:\/\/antenagroup.ro\/ro\/stiri\/filmarile-pentru-survivor-au-luat-sfarsit-marea-finala-va-fi-live-din-republica-dominicana.html#breadcrumb\",\"itemListElement\":[{\"@type\":\"ListItem\",\"position\":1,\"name\":\"Prima pagin\u0103\",\"item\":\"https:\/\/antenagroup.ro\/ro\"},{\"@type\":\"ListItem\",\"position\":2,\"name\":\"Film\u0103rile pentru Survivor au luat sf\u00e2r\u0219it! Marea final\u0103 va fi LIVE, din Republica Dominican\u0103!\"}]},{\"@type\":\"WebSite\",\"@id\":\"https:\/\/antenagroup.ro\/ro#website\",\"url\":\"https:\/\/antenagroup.ro\/ro\",\"name\":\"Antena Group - Leading Media & Entertainment in Romania | Antena TV Group\",\"description\":\"\",\"publisher\":{\"@id\":\"https:\/\/antenagroup.ro\/ro#organization\"},\"alternateName\":\"Antena Group\",\"potentialAction\":[{\"@type\":\"SearchAction\",\"target\":{\"@type\":\"EntryPoint\",\"urlTemplate\":\"https:\/\/antenagroup.ro\/ro?s={search_term_string}\"},\"query-input\":{\"@type\":\"PropertyValueSpecification\",\"valueRequired\":true,\"valueName\":\"search_term_string\"}}],\"inLanguage\":\"ro-RO\"},{\"@type\":\"Organization\",\"@id\":\"https:\/\/antenagroup.ro\/ro#organization\",\"name\":\"Antena TV Group\",\"url\":\"https:\/\/antenagroup.ro\/ro\",\"logo\":{\"@type\":\"ImageObject\",\"inLanguage\":\"ro-RO\",\"@id\":\"https:\/\/antenagroup.ro\/ro#\/schema\/logo\/image\/\",\"url\":\"https:\/\/antenagroup.ro\/wp-content\/uploads\/2024\/10\/logo-antenagroup-fb.png\",\"contentUrl\":\"https:\/\/antenagroup.ro\/wp-content\/uploads\/2024\/10\/logo-antenagroup-fb.png\",\"width\":253,\"height\":200,\"caption\":\"Antena TV Group\"},\"image\":{\"@id\":\"https:\/\/antenagroup.ro\/ro#\/schema\/logo\/image\/\"},\"sameAs\":[\"https:\/\/ro.linkedin.com\/company\/antenagroup\"]},{\"@type\":\"Person\",\"@id\":\"https:\/\/antenagroup.ro\/ro#\/schema\/person\/3b51278da5026fa447486687e0e16ae3\",\"name\":\"Iulia Nicolaescu\",\"image\":{\"@type\":\"ImageObject\",\"inLanguage\":\"ro-RO\",\"@id\":\"https:\/\/secure.gravatar.com\/avatar\/66a4875f23399fbea5b3819850c1819e89a51ade8644ed80873a20b325b40b5b?s=96&d=mm&r=g\",\"url\":\"https:\/\/secure.gravatar.com\/avatar\/66a4875f23399fbea5b3819850c1819e89a51ade8644ed80873a20b325b40b5b?s=96&d=mm&r=g\",\"contentUrl\":\"https:\/\/secure.gravatar.com\/avatar\/66a4875f23399fbea5b3819850c1819e89a51ade8644ed80873a20b325b40b5b?s=96&d=mm&r=g\",\"caption\":\"Iulia Nicolaescu\"},\"url\":\"https:\/\/antenagroup.ro\/ro\/author\/iulia-nicolaescu\"}]}<\/script>\n<!-- \/ Yoast SEO Premium plugin. -->","yoast_head_json":{"title":"Film\u0103rile pentru Survivor au luat sf\u00e2r\u0219it! Marea final\u0103 va fi LIVE, din Republica Dominican\u0103! - Antena Group - Leading Media &amp; Entertainment in Romania | Antena TV Group","robots":{"index":"index","follow":"follow","max-snippet":"max-snippet:-1","max-image-preview":"max-image-preview:large","max-video-preview":"max-video-preview:-1"},"canonical":"https:\/\/antenagroup.ro\/ro\/stiri\/filmarile-pentru-survivor-au-luat-sfarsit-marea-finala-va-fi-live-din-republica-dominicana.html","og_locale":"ro_RO","og_type":"article","og_title":"Film\u0103rile pentru Survivor au luat sf\u00e2r\u0219it! Marea final\u0103 va fi LIVE, din Republica Dominican\u0103!","og_description":"24 de concuren\u021bi au \u00eenceput lupta, parte din dou\u0103 triburi \u2013 Faimo\u0219i \u0219i R\u0103zboinici. Pe parcurs, al\u021bi 7 li s-au al\u0103turat, devenindu-le coechipieri \u0219i parteneri sau adversari \u00een lupt\u0103. Pentru 14 dintre ei, weekend-ul trecut a marcat cel mai a\u0219teptat prag \u2013 Unificarea! Drumul c\u0103tre marea final\u0103 se poate vedea \u00een fiecare vineri, s\u00e2mb\u0103t\u0103 \u0219i [&hellip;]","og_url":"https:\/\/antenagroup.ro\/ro\/stiri\/filmarile-pentru-survivor-au-luat-sfarsit-marea-finala-va-fi-live-din-republica-dominicana.html","og_site_name":"Antena Group - Leading Media &amp; Entertainment in Romania | Antena TV Group","article_published_time":"2026-04-27T13:38:03+00:00","article_modified_time":"2026-04-27T13:38:05+00:00","og_image":[{"width":1680,"height":1075,"url":"https:\/\/antenagroup.ro\/wp-content\/uploads\/2026\/04\/Adi-Vasile-scaled-e1777297076386.jpg","type":"image\/jpeg"}],"author":"Iulia Nicolaescu","twitter_card":"summary_large_image","twitter_misc":{"Scris de":"Iulia Nicolaescu","Timp estimat pentru citire":"2 minute"},"schema":{"@context":"https:\/\/schema.org","@graph":[{"@type":"Article","@id":"https:\/\/antenagroup.ro\/ro\/stiri\/filmarile-pentru-survivor-au-luat-sfarsit-marea-finala-va-fi-live-din-republica-dominicana.html#article","isPartOf":{"@id":"https:\/\/antenagroup.ro\/ro\/stiri\/filmarile-pentru-survivor-au-luat-sfarsit-marea-finala-va-fi-live-din-republica-dominicana.html"},"author":{"name":"Iulia Nicolaescu","@id":"https:\/\/antenagroup.ro\/ro#\/schema\/person\/3b51278da5026fa447486687e0e16ae3"},"headline":"Film\u0103rile pentru Survivor au luat sf\u00e2r\u0219it! Marea final\u0103 va fi LIVE, din Republica Dominican\u0103!","datePublished":"2026-04-27T13:38:03+00:00","dateModified":"2026-04-27T13:38:05+00:00","mainEntityOfPage":{"@id":"https:\/\/antenagroup.ro\/ro\/stiri\/filmarile-pentru-survivor-au-luat-sfarsit-marea-finala-va-fi-live-din-republica-dominicana.html"},"wordCount":366,"commentCount":0,"publisher":{"@id":"https:\/\/antenagroup.ro\/ro#organization"},"image":{"@id":"https:\/\/antenagroup.ro\/ro\/stiri\/filmarile-pentru-survivor-au-luat-sfarsit-marea-finala-va-fi-live-din-republica-dominicana.html#primaryimage"},"thumbnailUrl":"https:\/\/antenagroup.ro\/wp-content\/uploads\/2026\/04\/Adi-Vasile-scaled-e1777297076386.jpg","articleSection":["\u0218tiri"],"inLanguage":"ro-RO","potentialAction":[{"@type":"CommentAction","name":"Comment","target":["https:\/\/antenagroup.ro\/ro\/stiri\/filmarile-pentru-survivor-au-luat-sfarsit-marea-finala-va-fi-live-din-republica-dominicana.html#respond"]}]},{"@type":"WebPage","@id":"https:\/\/antenagroup.ro\/ro\/stiri\/filmarile-pentru-survivor-au-luat-sfarsit-marea-finala-va-fi-live-din-republica-dominicana.html","url":"https:\/\/antenagroup.ro\/ro\/stiri\/filmarile-pentru-survivor-au-luat-sfarsit-marea-finala-va-fi-live-din-republica-dominicana.html","name":"Film\u0103rile pentru Survivor au luat sf\u00e2r\u0219it! Marea final\u0103 va fi LIVE, din Republica Dominican\u0103! - Antena Group - Leading Media &amp; Entertainment in Romania | Antena TV Group","isPartOf":{"@id":"https:\/\/antenagroup.ro\/ro#website"},"primaryImageOfPage":{"@id":"https:\/\/antenagroup.ro\/ro\/stiri\/filmarile-pentru-survivor-au-luat-sfarsit-marea-finala-va-fi-live-din-republica-dominicana.html#primaryimage"},"image":{"@id":"https:\/\/antenagroup.ro\/ro\/stiri\/filmarile-pentru-survivor-au-luat-sfarsit-marea-finala-va-fi-live-din-republica-dominicana.html#primaryimage"},"thumbnailUrl":"https:\/\/antenagroup.ro\/wp-content\/uploads\/2026\/04\/Adi-Vasile-scaled-e1777297076386.jpg","datePublished":"2026-04-27T13:38:03+00:00","dateModified":"2026-04-27T13:38:05+00:00","breadcrumb":{"@id":"https:\/\/antenagroup.ro\/ro\/stiri\/filmarile-pentru-survivor-au-luat-sfarsit-marea-finala-va-fi-live-din-republica-dominicana.html#breadcrumb"},"inLanguage":"ro-RO","potentialAction":[{"@type":"ReadAction","target":["https:\/\/antenagroup.ro\/ro\/stiri\/filmarile-pentru-survivor-au-luat-sfarsit-marea-finala-va-fi-live-din-republica-dominicana.html"]}]},{"@type":"ImageObject","inLanguage":"ro-RO","@id":"https:\/\/antenagroup.ro\/ro\/stiri\/filmarile-pentru-survivor-au-luat-sfarsit-marea-finala-va-fi-live-din-republica-dominicana.html#primaryimage","url":"https:\/\/antenagroup.ro\/wp-content\/uploads\/2026\/04\/Adi-Vasile-scaled-e1777297076386.jpg","contentUrl":"https:\/\/antenagroup.ro\/wp-content\/uploads\/2026\/04\/Adi-Vasile-scaled-e1777297076386.jpg","width":1680,"height":1075},{"@type":"BreadcrumbList","@id":"https:\/\/antenagroup.ro\/ro\/stiri\/filmarile-pentru-survivor-au-luat-sfarsit-marea-finala-va-fi-live-din-republica-dominicana.html#breadcrumb","itemListElement":[{"@type":"ListItem","position":1,"name":"Prima pagin\u0103","item":"https:\/\/antenagroup.ro\/ro"},{"@type":"ListItem","position":2,"name":"Film\u0103rile pentru Survivor au luat sf\u00e2r\u0219it! Marea final\u0103 va fi LIVE, din Republica Dominican\u0103!"}]},{"@type":"WebSite","@id":"https:\/\/antenagroup.ro\/ro#website","url":"https:\/\/antenagroup.ro\/ro","name":"Antena Group - Leading Media & Entertainment in Romania | Antena TV Group","description":"","publisher":{"@id":"https:\/\/antenagroup.ro\/ro#organization"},"alternateName":"Antena Group","potentialAction":[{"@type":"SearchAction","target":{"@type":"EntryPoint","urlTemplate":"https:\/\/antenagroup.ro\/ro?s={search_term_string}"},"query-input":{"@type":"PropertyValueSpecification","valueRequired":true,"valueName":"search_term_string"}}],"inLanguage":"ro-RO"},{"@type":"Organization","@id":"https:\/\/antenagroup.ro\/ro#organization","name":"Antena TV Group","url":"https:\/\/antenagroup.ro\/ro","logo":{"@type":"ImageObject","inLanguage":"ro-RO","@id":"https:\/\/antenagroup.ro\/ro#\/schema\/logo\/image\/","url":"https:\/\/antenagroup.ro\/wp-content\/uploads\/2024\/10\/logo-antenagroup-fb.png","contentUrl":"https:\/\/antenagroup.ro\/wp-content\/uploads\/2024\/10\/logo-antenagroup-fb.png","width":253,"height":200,"caption":"Antena TV Group"},"image":{"@id":"https:\/\/antenagroup.ro\/ro#\/schema\/logo\/image\/"},"sameAs":["https:\/\/ro.linkedin.com\/company\/antenagroup"]},{"@type":"Person","@id":"https:\/\/antenagroup.ro\/ro#\/schema\/person\/3b51278da5026fa447486687e0e16ae3","name":"Iulia Nicolaescu","image":{"@type":"ImageObject","inLanguage":"ro-RO","@id":"https:\/\/secure.gravatar.com\/avatar\/66a4875f23399fbea5b3819850c1819e89a51ade8644ed80873a20b325b40b5b?s=96&d=mm&r=g","url":"https:\/\/secure.gravatar.com\/avatar\/66a4875f23399fbea5b3819850c1819e89a51ade8644ed80873a20b325b40b5b?s=96&d=mm&r=g","contentUrl":"https:\/\/secure.gravatar.com\/avatar\/66a4875f23399fbea5b3819850c1819e89a51ade8644ed80873a20b325b40b5b?s=96&d=mm&r=g","caption":"Iulia Nicolaescu"},"url":"https:\/\/antenagroup.ro\/ro\/author\/iulia-nicolaescu"}]}},"jetpack_featured_media_url":"https:\/\/antenagroup.ro\/wp-content\/uploads\/2026\/04\/Adi-Vasile-scaled-e1777297076386.jpg","_links":{"self":[{"href":"https:\/\/antenagroup.ro\/ro\/wp-json\/wp\/v2\/posts\/34585","targetHints":{"allow":["GET"]}}],"collection":[{"href":"https:\/\/antenagroup.ro\/ro\/wp-json\/wp\/v2\/posts"}],"about":[{"href":"https:\/\/antenagroup.ro\/ro\/wp-json\/wp\/v2\/types\/post"}],"author":[{"embeddable":true,"href":"https:\/\/antenagroup.ro\/ro\/wp-json\/wp\/v2\/users\/10"}],"replies":[{"embeddable":true,"href":"https:\/\/antenagroup.ro\/ro\/wp-json\/wp\/v2\/comments?post=34585"}],"version-history":[{"count":1,"href":"https:\/\/antenagroup.ro\/ro\/wp-json\/wp\/v2\/posts\/34585\/revisions"}],"predecessor-version":[{"id":34588,"href":"https:\/\/antenagroup.ro\/ro\/wp-json\/wp\/v2\/posts\/34585\/revisions\/34588"}],"wp:featuredmedia":[{"embeddable":true,"href":"https:\/\/antenagroup.ro\/ro\/wp-json\/wp\/v2\/media\/34586"}],"wp:attachment":[{"href":"https:\/\/antenagroup.ro\/ro\/wp-json\/wp\/v2\/media?parent=34585"}],"wp:term":[{"taxonomy":"category","embeddable":true,"href":"https:\/\/antenagroup.ro\/ro\/wp-json\/wp\/v2\/categories?post=34585"},{"taxonomy":"post_tag","embeddable":true,"href":"https:\/\/antenagroup.ro\/ro\/wp-json\/wp\/v2\/tags?post=34585"}],"curies":[{"name":"wp","href":"https:\/\/api.w.org\/{rel}","templated":true}]}}