{"id":37781,"date":"2026-09-04T13:45:14","date_gmt":"2026-09-04T10:45:14","guid":{"rendered":"https:\/\/antenagroup.ro\/?p=37781"},"modified":"2026-09-04T13:47:42","modified_gmt":"2026-09-04T10:47:42","slug":"de-la-ora-2030-focul-arde-puternic-la-marea-premiera-insula-iubirii-sezonul-x-la-antena-1-si-pe-antenaplay-nimic-nu-va-mai-fi-la-fel","status":"publish","type":"post","link":"https:\/\/antenagroup.ro\/ro\/stiri\/de-la-ora-2030-focul-arde-puternic-la-marea-premiera-insula-iubirii-sezonul-x-la-antena-1-si-pe-antenaplay-nimic-nu-va-mai-fi-la-fel.html","title":{"rendered":"De la ora 20:30, focul arde puternic la marea premier\u0103 Insula Iubirii, sezonul X, la Antena 1 \u0219i pe AntenaPLAY: \u201dNimic nu va mai fi la fel\u201d"},"content":{"rendered":"\n<p class=\"wp-block-paragraph\">Show-ul a\u0219teptat de o \u021bar\u0103 \u00eentreag\u0103. Formatul despre care toat\u0103 lumea a discutat, pentru care a crescut entuziasmul \u0219i pe care toat\u0103 lumea abia a\u0219teapt\u0103 s\u0103-l vad\u0103, minut cu minut. Fenomenul care a demonstrat un aspect important&#8230; cine iube\u0219te, nu las\u0103! Insula Iubirii revine \u00een aceast\u0103 sear\u0103, de la ora 20:30, la Antena 1 \u0219i pe AntenaPLAY, cu sezonul MAXIM!<\/p>\n\n\n\n<p class=\"wp-block-paragraph\">Prin\u021bul Marco \u0219i Bianca. Nattasha \u0219i Lorenzo. Remi \u0219i Bianca. Claudia \u0219i Ionu\u021b. Marcel \u0219i Armina. Din peste 1300 de cupluri \u00eenscrise, ace\u0219tia formeaz\u0103 cele cinci perechi care vor l\u0103sa via\u021ba de zi cu zi \u00een urm\u0103 \u0219i vor pleca spre testul care le-ar putea schimba tot ce \u0219tiau despre rela\u021bia lor.<\/p>\n\n\n\n<p class=\"wp-block-paragraph\">Cu g\u00e2ndul la viitor, dar cu multe aspecte din trecut care \u00eei apas\u0103 sau cu gelozii prea puternice, ace\u0219tia au decis c\u0103 Insula Iubirii le poate oferi fix mediul de care au nevoie pentru a face o schimbare. Vor pleca \u00eempreun\u0103? Vor decide c\u0103 le este mai bine singuri? Sau vor g\u0103si o alt\u0103 persoan\u0103 potrivit\u0103 pentru inima lor?<\/p>\n\n\n\n<p class=\"wp-block-paragraph\">Totul va deveni real \u00een momentul \u00een care, pentru prima dat\u0103, Radu V\u00e2lcan va ap\u0103rea \u00een fa\u021ba lor \u0219i le va aminti c\u0103 testul a \u00eenceput \u0219i c\u0103 orice se poate \u00eent\u00e2mpla pe parcursul celor 21 de zile: \u201d<em>Bine a\u021bi venit \u00een Thailanda, bine a\u021bi venit la Insula Iubirii. A\u021bi intrat \u00een acest test, \u00een cea mai intens\u0103 \u0219i revelatoare experien\u021b\u0103 din via\u021ba voastr\u0103. Din acest moment, nimic nu va mai fi la fel. A\u021bi decis s\u0103 nu fugi\u021bi de adev\u0103r, ci din contr\u0103 s\u0103-l c\u0103uta\u021bi. Curajul vostru va fi r\u0103spl\u0103tit pentru c\u0103 Insula Iubirii r\u0103spunde la singura \u00eentrebare care conteaz\u0103 \u00eentr-un cuplu \u2013 Sunt cu partenerul potrivit sau poate merit altceva? V\u0103 a\u0219teapt\u0103 zile de foc<\/em>\u201d.<\/p>\n\n\n\n<figure class=\"wp-block-image size-large\"><img loading=\"lazy\" decoding=\"async\" width=\"1024\" height=\"683\" src=\"https:\/\/antenagroup.ro\/wp-content\/uploads\/2026\/09\/Cuplurile-sezonului-10-1-1024x683.jpg\" alt=\"\" class=\"wp-image-37782\" srcset=\"https:\/\/antenagroup.ro\/wp-content\/uploads\/2026\/09\/Cuplurile-sezonului-10-1-1024x683.jpg 1024w, https:\/\/antenagroup.ro\/wp-content\/uploads\/2026\/09\/Cuplurile-sezonului-10-1-300x200.jpg 300w, https:\/\/antenagroup.ro\/wp-content\/uploads\/2026\/09\/Cuplurile-sezonului-10-1-768x512.jpg 768w, https:\/\/antenagroup.ro\/wp-content\/uploads\/2026\/09\/Cuplurile-sezonului-10-1-1536x1024.jpg 1536w, https:\/\/antenagroup.ro\/wp-content\/uploads\/2026\/09\/Cuplurile-sezonului-10-1-2048x1365.jpg 2048w\" sizes=\"auto, (max-width: 1024px) 100vw, 1024px\" \/><\/figure>\n\n\n\n<p class=\"wp-block-paragraph\">Ce detalii incendiare vor ie\u0219i la iveal\u0103, odat\u0103 cu pove\u0219tile celor cinci cupluri? Ce motiva\u021bii au pentru a veni \u0219i ce limite \u0219i-au impus? Toate \u00eentreb\u0103rile \u00ee\u0219i vor g\u0103si r\u0103spuns, \u00een c\u00e2teva ore. Tot atunci, podiumul se va aprinde, iar primele ispite \u00ee\u0219i vor face sim\u021bit\u0103 prezen\u021ba.<\/p>\n\n\n\n<p class=\"wp-block-paragraph\">Nu rata\u021bi, \u00eencep\u00e2nd din aceast\u0103 sear\u0103, \u00een fiecare vineri, de la 20:30 \u0219i s\u00e2mb\u0103t\u0103, de la 20:00, edi\u021biile spectaculoase ale unui sezon maxim, din Insula Iubirii, la Antena 1 \u0219i pe AntenaPLAY! Materiale \u00een exclusivitate pot fi urm\u0103rite pe platforma AntenaPLAY, acolo unde duminic\u0103 are loc premiera noului sezon Fier\u021bi pe Insul\u0103, cu Speak \u0219i Ristei!<\/p>\n\n\n\n<p class=\"wp-block-paragraph\"><\/p>\n","protected":false},"excerpt":{"rendered":"<p>Show-ul a\u0219teptat de o \u021bar\u0103 \u00eentreag\u0103. Formatul despre care toat\u0103 lumea a discutat, pentru care a crescut entuziasmul \u0219i pe care toat\u0103 lumea abia a\u0219teapt\u0103 s\u0103-l vad\u0103, minut cu minut. Fenomenul care a demonstrat un aspect important&#8230; cine iube\u0219te, nu las\u0103! Insula Iubirii revine \u00een aceast\u0103 sear\u0103, de la ora 20:30, la Antena 1 \u0219i [&hellip;]<\/p>\n","protected":false},"author":10,"featured_media":37784,"comment_status":"open","ping_status":"open","sticky":false,"template":"","format":"standard","meta":{"_acf_changed":false,"footnotes":""},"categories":[14],"tags":[],"class_list":["post-37781","post","type-post","status-publish","format-standard","has-post-thumbnail","hentry","category-stiri"],"acf":[],"yoast_head":"<!-- This site is optimized with the Yoast SEO Premium plugin v27.2 (Yoast SEO v28.2) - https:\/\/yoast.com\/product\/yoast-seo-premium-wordpress\/ -->\n<title>De la ora 20:30, focul arde puternic la marea premier\u0103 Insula Iubirii, sezonul X, la Antena 1 \u0219i pe AntenaPLAY: \u201dNimic nu va mai fi la fel\u201d - Antena Group - Leading Media &amp; Entertainment in Romania | Antena TV Group<\/title>\n<meta name=\"robots\" content=\"index, follow, max-snippet:-1, max-image-preview:large, max-video-preview:-1\" \/>\n<link rel=\"canonical\" href=\"https:\/\/antenagroup.ro\/ro\/stiri\/de-la-ora-2030-focul-arde-puternic-la-marea-premiera-insula-iubirii-sezonul-x-la-antena-1-si-pe-antenaplay-nimic-nu-va-mai-fi-la-fel.html\" \/>\n<meta property=\"og:locale\" content=\"ro_RO\" \/>\n<meta property=\"og:type\" content=\"article\" \/>\n<meta property=\"og:title\" content=\"De la ora 20:30, focul arde puternic la marea premier\u0103 Insula Iubirii, sezonul X, la Antena 1 \u0219i pe AntenaPLAY: \u201dNimic nu va mai fi la fel\u201d\" \/>\n<meta property=\"og:description\" content=\"Show-ul a\u0219teptat de o \u021bar\u0103 \u00eentreag\u0103. Formatul despre care toat\u0103 lumea a discutat, pentru care a crescut entuziasmul \u0219i pe care toat\u0103 lumea abia a\u0219teapt\u0103 s\u0103-l vad\u0103, minut cu minut. Fenomenul care a demonstrat un aspect important&#8230; cine iube\u0219te, nu las\u0103! Insula Iubirii revine \u00een aceast\u0103 sear\u0103, de la ora 20:30, la Antena 1 \u0219i [&hellip;]\" \/>\n<meta property=\"og:url\" content=\"https:\/\/antenagroup.ro\/ro\/stiri\/de-la-ora-2030-focul-arde-puternic-la-marea-premiera-insula-iubirii-sezonul-x-la-antena-1-si-pe-antenaplay-nimic-nu-va-mai-fi-la-fel.html\" \/>\n<meta property=\"og:site_name\" content=\"Antena Group - Leading Media &amp; Entertainment in Romania | Antena TV Group\" \/>\n<meta property=\"article:published_time\" content=\"2026-09-04T10:45:14+00:00\" \/>\n<meta property=\"article:modified_time\" content=\"2026-09-04T10:47:42+00:00\" \/>\n<meta property=\"og:image\" content=\"https:\/\/antenagroup.ro\/wp-content\/uploads\/2026\/09\/Radu-Valcan-scaled-e1788518697855.jpg\" \/>\n\t<meta property=\"og:image:width\" content=\"1698\" \/>\n\t<meta property=\"og:image:height\" content=\"1062\" \/>\n\t<meta property=\"og:image:type\" content=\"image\/jpeg\" \/>\n<meta name=\"author\" content=\"Iulia Nicolaescu\" \/>\n<meta name=\"twitter:card\" content=\"summary_large_image\" \/>\n<meta name=\"twitter:label1\" content=\"Scris de\" \/>\n\t<meta name=\"twitter:data1\" content=\"Iulia Nicolaescu\" \/>\n\t<meta name=\"twitter:label2\" content=\"Timp estimat pentru citire\" \/>\n\t<meta name=\"twitter:data2\" content=\"3 minute\" \/>\n<script type=\"application\/ld+json\" class=\"yoast-schema-graph\">{\"@context\":\"https:\\\/\\\/schema.org\",\"@graph\":[{\"@type\":\"Article\",\"@id\":\"https:\\\/\\\/antenagroup.ro\\\/ro\\\/stiri\\\/de-la-ora-2030-focul-arde-puternic-la-marea-premiera-insula-iubirii-sezonul-x-la-antena-1-si-pe-antenaplay-nimic-nu-va-mai-fi-la-fel.html#article\",\"isPartOf\":{\"@id\":\"https:\\\/\\\/antenagroup.ro\\\/ro\\\/stiri\\\/de-la-ora-2030-focul-arde-puternic-la-marea-premiera-insula-iubirii-sezonul-x-la-antena-1-si-pe-antenaplay-nimic-nu-va-mai-fi-la-fel.html\"},\"author\":{\"name\":\"Iulia Nicolaescu\",\"@id\":\"https:\\\/\\\/antenagroup.ro\\\/ro#\\\/schema\\\/person\\\/3b51278da5026fa447486687e0e16ae3\"},\"headline\":\"De la ora 20:30, focul arde puternic la marea premier\u0103 Insula Iubirii, sezonul X, la Antena 1 \u0219i pe AntenaPLAY: \u201dNimic nu va mai fi la fel\u201d\",\"datePublished\":\"2026-09-04T10:45:14+00:00\",\"dateModified\":\"2026-09-04T10:47:42+00:00\",\"mainEntityOfPage\":{\"@id\":\"https:\\\/\\\/antenagroup.ro\\\/ro\\\/stiri\\\/de-la-ora-2030-focul-arde-puternic-la-marea-premiera-insula-iubirii-sezonul-x-la-antena-1-si-pe-antenaplay-nimic-nu-va-mai-fi-la-fel.html\"},\"wordCount\":454,\"commentCount\":0,\"publisher\":{\"@id\":\"https:\\\/\\\/antenagroup.ro\\\/ro#organization\"},\"image\":{\"@id\":\"https:\\\/\\\/antenagroup.ro\\\/ro\\\/stiri\\\/de-la-ora-2030-focul-arde-puternic-la-marea-premiera-insula-iubirii-sezonul-x-la-antena-1-si-pe-antenaplay-nimic-nu-va-mai-fi-la-fel.html#primaryimage\"},\"thumbnailUrl\":\"https:\\\/\\\/antenagroup.ro\\\/wp-content\\\/uploads\\\/2026\\\/09\\\/Radu-Valcan-scaled-e1788518697855.jpg\",\"articleSection\":[\"\u0218tiri\"],\"inLanguage\":\"ro-RO\",\"potentialAction\":[{\"@type\":\"CommentAction\",\"name\":\"Comment\",\"target\":[\"https:\\\/\\\/antenagroup.ro\\\/ro\\\/stiri\\\/de-la-ora-2030-focul-arde-puternic-la-marea-premiera-insula-iubirii-sezonul-x-la-antena-1-si-pe-antenaplay-nimic-nu-va-mai-fi-la-fel.html#respond\"]}]},{\"@type\":\"WebPage\",\"@id\":\"https:\\\/\\\/antenagroup.ro\\\/ro\\\/stiri\\\/de-la-ora-2030-focul-arde-puternic-la-marea-premiera-insula-iubirii-sezonul-x-la-antena-1-si-pe-antenaplay-nimic-nu-va-mai-fi-la-fel.html\",\"url\":\"https:\\\/\\\/antenagroup.ro\\\/ro\\\/stiri\\\/de-la-ora-2030-focul-arde-puternic-la-marea-premiera-insula-iubirii-sezonul-x-la-antena-1-si-pe-antenaplay-nimic-nu-va-mai-fi-la-fel.html\",\"name\":\"De la ora 20:30, focul arde puternic la marea premier\u0103 Insula Iubirii, sezonul X, la Antena 1 \u0219i pe AntenaPLAY: \u201dNimic nu va mai fi la fel\u201d - Antena Group - Leading Media &amp; Entertainment in Romania | Antena TV Group\",\"isPartOf\":{\"@id\":\"https:\\\/\\\/antenagroup.ro\\\/ro#website\"},\"primaryImageOfPage\":{\"@id\":\"https:\\\/\\\/antenagroup.ro\\\/ro\\\/stiri\\\/de-la-ora-2030-focul-arde-puternic-la-marea-premiera-insula-iubirii-sezonul-x-la-antena-1-si-pe-antenaplay-nimic-nu-va-mai-fi-la-fel.html#primaryimage\"},\"image\":{\"@id\":\"https:\\\/\\\/antenagroup.ro\\\/ro\\\/stiri\\\/de-la-ora-2030-focul-arde-puternic-la-marea-premiera-insula-iubirii-sezonul-x-la-antena-1-si-pe-antenaplay-nimic-nu-va-mai-fi-la-fel.html#primaryimage\"},\"thumbnailUrl\":\"https:\\\/\\\/antenagroup.ro\\\/wp-content\\\/uploads\\\/2026\\\/09\\\/Radu-Valcan-scaled-e1788518697855.jpg\",\"datePublished\":\"2026-09-04T10:45:14+00:00\",\"dateModified\":\"2026-09-04T10:47:42+00:00\",\"breadcrumb\":{\"@id\":\"https:\\\/\\\/antenagroup.ro\\\/ro\\\/stiri\\\/de-la-ora-2030-focul-arde-puternic-la-marea-premiera-insula-iubirii-sezonul-x-la-antena-1-si-pe-antenaplay-nimic-nu-va-mai-fi-la-fel.html#breadcrumb\"},\"inLanguage\":\"ro-RO\",\"potentialAction\":[{\"@type\":\"ReadAction\",\"target\":[\"https:\\\/\\\/antenagroup.ro\\\/ro\\\/stiri\\\/de-la-ora-2030-focul-arde-puternic-la-marea-premiera-insula-iubirii-sezonul-x-la-antena-1-si-pe-antenaplay-nimic-nu-va-mai-fi-la-fel.html\"]}]},{\"@type\":\"ImageObject\",\"inLanguage\":\"ro-RO\",\"@id\":\"https:\\\/\\\/antenagroup.ro\\\/ro\\\/stiri\\\/de-la-ora-2030-focul-arde-puternic-la-marea-premiera-insula-iubirii-sezonul-x-la-antena-1-si-pe-antenaplay-nimic-nu-va-mai-fi-la-fel.html#primaryimage\",\"url\":\"https:\\\/\\\/antenagroup.ro\\\/wp-content\\\/uploads\\\/2026\\\/09\\\/Radu-Valcan-scaled-e1788518697855.jpg\",\"contentUrl\":\"https:\\\/\\\/antenagroup.ro\\\/wp-content\\\/uploads\\\/2026\\\/09\\\/Radu-Valcan-scaled-e1788518697855.jpg\",\"width\":1698,\"height\":1062},{\"@type\":\"BreadcrumbList\",\"@id\":\"https:\\\/\\\/antenagroup.ro\\\/ro\\\/stiri\\\/de-la-ora-2030-focul-arde-puternic-la-marea-premiera-insula-iubirii-sezonul-x-la-antena-1-si-pe-antenaplay-nimic-nu-va-mai-fi-la-fel.html#breadcrumb\",\"itemListElement\":[{\"@type\":\"ListItem\",\"position\":1,\"name\":\"Prima pagin\u0103\",\"item\":\"https:\\\/\\\/antenagroup.ro\\\/ro\"},{\"@type\":\"ListItem\",\"position\":2,\"name\":\"De la ora 20:30, focul arde puternic la marea premier\u0103 Insula Iubirii, sezonul X, la Antena 1 \u0219i pe AntenaPLAY: \u201dNimic nu va mai fi la fel\u201d\"}]},{\"@type\":\"WebSite\",\"@id\":\"https:\\\/\\\/antenagroup.ro\\\/ro#website\",\"url\":\"https:\\\/\\\/antenagroup.ro\\\/ro\",\"name\":\"Antena Group - Leading Media & Entertainment in Romania | Antena TV Group\",\"description\":\"\",\"publisher\":{\"@id\":\"https:\\\/\\\/antenagroup.ro\\\/ro#organization\"},\"alternateName\":\"Antena Group\",\"potentialAction\":[{\"@type\":\"SearchAction\",\"target\":{\"@type\":\"EntryPoint\",\"urlTemplate\":\"https:\\\/\\\/antenagroup.ro\\\/ro?s={search_term_string}\"},\"query-input\":{\"@type\":\"PropertyValueSpecification\",\"valueRequired\":true,\"valueName\":\"search_term_string\"}}],\"inLanguage\":\"ro-RO\"},{\"@type\":\"Organization\",\"@id\":\"https:\\\/\\\/antenagroup.ro\\\/ro#organization\",\"name\":\"Antena TV Group\",\"url\":\"https:\\\/\\\/antenagroup.ro\\\/ro\",\"logo\":{\"@type\":\"ImageObject\",\"inLanguage\":\"ro-RO\",\"@id\":\"https:\\\/\\\/antenagroup.ro\\\/ro#\\\/schema\\\/logo\\\/image\\\/\",\"url\":\"https:\\\/\\\/antenagroup.ro\\\/wp-content\\\/uploads\\\/2024\\\/10\\\/logo-antenagroup-fb.png\",\"contentUrl\":\"https:\\\/\\\/antenagroup.ro\\\/wp-content\\\/uploads\\\/2024\\\/10\\\/logo-antenagroup-fb.png\",\"width\":253,\"height\":200,\"caption\":\"Antena TV Group\"},\"image\":{\"@id\":\"https:\\\/\\\/antenagroup.ro\\\/ro#\\\/schema\\\/logo\\\/image\\\/\"},\"sameAs\":[\"https:\\\/\\\/ro.linkedin.com\\\/company\\\/antenagroup\"]},{\"@type\":\"Person\",\"@id\":\"https:\\\/\\\/antenagroup.ro\\\/ro#\\\/schema\\\/person\\\/3b51278da5026fa447486687e0e16ae3\",\"name\":\"Iulia Nicolaescu\",\"image\":{\"@type\":\"ImageObject\",\"inLanguage\":\"ro-RO\",\"@id\":\"https:\\\/\\\/secure.gravatar.com\\\/avatar\\\/66a4875f23399fbea5b3819850c1819e89a51ade8644ed80873a20b325b40b5b?s=96&d=mm&r=g\",\"url\":\"https:\\\/\\\/secure.gravatar.com\\\/avatar\\\/66a4875f23399fbea5b3819850c1819e89a51ade8644ed80873a20b325b40b5b?s=96&d=mm&r=g\",\"contentUrl\":\"https:\\\/\\\/secure.gravatar.com\\\/avatar\\\/66a4875f23399fbea5b3819850c1819e89a51ade8644ed80873a20b325b40b5b?s=96&d=mm&r=g\",\"caption\":\"Iulia Nicolaescu\"},\"url\":\"https:\\\/\\\/antenagroup.ro\\\/ro\\\/author\\\/iulia-nicolaescu\"}]}<\/script>\n<!-- \/ Yoast SEO Premium plugin. -->","yoast_head_json":{"title":"De la ora 20:30, focul arde puternic la marea premier\u0103 Insula Iubirii, sezonul X, la Antena 1 \u0219i pe AntenaPLAY: \u201dNimic nu va mai fi la fel\u201d - Antena Group - Leading Media &amp; Entertainment in Romania | Antena TV Group","robots":{"index":"index","follow":"follow","max-snippet":"max-snippet:-1","max-image-preview":"max-image-preview:large","max-video-preview":"max-video-preview:-1"},"canonical":"https:\/\/antenagroup.ro\/ro\/stiri\/de-la-ora-2030-focul-arde-puternic-la-marea-premiera-insula-iubirii-sezonul-x-la-antena-1-si-pe-antenaplay-nimic-nu-va-mai-fi-la-fel.html","og_locale":"ro_RO","og_type":"article","og_title":"De la ora 20:30, focul arde puternic la marea premier\u0103 Insula Iubirii, sezonul X, la Antena 1 \u0219i pe AntenaPLAY: \u201dNimic nu va mai fi la fel\u201d","og_description":"Show-ul a\u0219teptat de o \u021bar\u0103 \u00eentreag\u0103. Formatul despre care toat\u0103 lumea a discutat, pentru care a crescut entuziasmul \u0219i pe care toat\u0103 lumea abia a\u0219teapt\u0103 s\u0103-l vad\u0103, minut cu minut. Fenomenul care a demonstrat un aspect important&#8230; cine iube\u0219te, nu las\u0103! Insula Iubirii revine \u00een aceast\u0103 sear\u0103, de la ora 20:30, la Antena 1 \u0219i [&hellip;]","og_url":"https:\/\/antenagroup.ro\/ro\/stiri\/de-la-ora-2030-focul-arde-puternic-la-marea-premiera-insula-iubirii-sezonul-x-la-antena-1-si-pe-antenaplay-nimic-nu-va-mai-fi-la-fel.html","og_site_name":"Antena Group - Leading Media &amp; Entertainment in Romania | Antena TV Group","article_published_time":"2026-09-04T10:45:14+00:00","article_modified_time":"2026-09-04T10:47:42+00:00","og_image":[{"width":1698,"height":1062,"url":"https:\/\/antenagroup.ro\/wp-content\/uploads\/2026\/09\/Radu-Valcan-scaled-e1788518697855.jpg","type":"image\/jpeg"}],"author":"Iulia Nicolaescu","twitter_card":"summary_large_image","twitter_misc":{"Scris de":"Iulia Nicolaescu","Timp estimat pentru citire":"3 minute"},"schema":{"@context":"https:\/\/schema.org","@graph":[{"@type":"Article","@id":"https:\/\/antenagroup.ro\/ro\/stiri\/de-la-ora-2030-focul-arde-puternic-la-marea-premiera-insula-iubirii-sezonul-x-la-antena-1-si-pe-antenaplay-nimic-nu-va-mai-fi-la-fel.html#article","isPartOf":{"@id":"https:\/\/antenagroup.ro\/ro\/stiri\/de-la-ora-2030-focul-arde-puternic-la-marea-premiera-insula-iubirii-sezonul-x-la-antena-1-si-pe-antenaplay-nimic-nu-va-mai-fi-la-fel.html"},"author":{"name":"Iulia Nicolaescu","@id":"https:\/\/antenagroup.ro\/ro#\/schema\/person\/3b51278da5026fa447486687e0e16ae3"},"headline":"De la ora 20:30, focul arde puternic la marea premier\u0103 Insula Iubirii, sezonul X, la Antena 1 \u0219i pe AntenaPLAY: \u201dNimic nu va mai fi la fel\u201d","datePublished":"2026-09-04T10:45:14+00:00","dateModified":"2026-09-04T10:47:42+00:00","mainEntityOfPage":{"@id":"https:\/\/antenagroup.ro\/ro\/stiri\/de-la-ora-2030-focul-arde-puternic-la-marea-premiera-insula-iubirii-sezonul-x-la-antena-1-si-pe-antenaplay-nimic-nu-va-mai-fi-la-fel.html"},"wordCount":454,"commentCount":0,"publisher":{"@id":"https:\/\/antenagroup.ro\/ro#organization"},"image":{"@id":"https:\/\/antenagroup.ro\/ro\/stiri\/de-la-ora-2030-focul-arde-puternic-la-marea-premiera-insula-iubirii-sezonul-x-la-antena-1-si-pe-antenaplay-nimic-nu-va-mai-fi-la-fel.html#primaryimage"},"thumbnailUrl":"https:\/\/antenagroup.ro\/wp-content\/uploads\/2026\/09\/Radu-Valcan-scaled-e1788518697855.jpg","articleSection":["\u0218tiri"],"inLanguage":"ro-RO","potentialAction":[{"@type":"CommentAction","name":"Comment","target":["https:\/\/antenagroup.ro\/ro\/stiri\/de-la-ora-2030-focul-arde-puternic-la-marea-premiera-insula-iubirii-sezonul-x-la-antena-1-si-pe-antenaplay-nimic-nu-va-mai-fi-la-fel.html#respond"]}]},{"@type":"WebPage","@id":"https:\/\/antenagroup.ro\/ro\/stiri\/de-la-ora-2030-focul-arde-puternic-la-marea-premiera-insula-iubirii-sezonul-x-la-antena-1-si-pe-antenaplay-nimic-nu-va-mai-fi-la-fel.html","url":"https:\/\/antenagroup.ro\/ro\/stiri\/de-la-ora-2030-focul-arde-puternic-la-marea-premiera-insula-iubirii-sezonul-x-la-antena-1-si-pe-antenaplay-nimic-nu-va-mai-fi-la-fel.html","name":"De la ora 20:30, focul arde puternic la marea premier\u0103 Insula Iubirii, sezonul X, la Antena 1 \u0219i pe AntenaPLAY: \u201dNimic nu va mai fi la fel\u201d - Antena Group - Leading Media &amp; Entertainment in Romania | Antena TV Group","isPartOf":{"@id":"https:\/\/antenagroup.ro\/ro#website"},"primaryImageOfPage":{"@id":"https:\/\/antenagroup.ro\/ro\/stiri\/de-la-ora-2030-focul-arde-puternic-la-marea-premiera-insula-iubirii-sezonul-x-la-antena-1-si-pe-antenaplay-nimic-nu-va-mai-fi-la-fel.html#primaryimage"},"image":{"@id":"https:\/\/antenagroup.ro\/ro\/stiri\/de-la-ora-2030-focul-arde-puternic-la-marea-premiera-insula-iubirii-sezonul-x-la-antena-1-si-pe-antenaplay-nimic-nu-va-mai-fi-la-fel.html#primaryimage"},"thumbnailUrl":"https:\/\/antenagroup.ro\/wp-content\/uploads\/2026\/09\/Radu-Valcan-scaled-e1788518697855.jpg","datePublished":"2026-09-04T10:45:14+00:00","dateModified":"2026-09-04T10:47:42+00:00","breadcrumb":{"@id":"https:\/\/antenagroup.ro\/ro\/stiri\/de-la-ora-2030-focul-arde-puternic-la-marea-premiera-insula-iubirii-sezonul-x-la-antena-1-si-pe-antenaplay-nimic-nu-va-mai-fi-la-fel.html#breadcrumb"},"inLanguage":"ro-RO","potentialAction":[{"@type":"ReadAction","target":["https:\/\/antenagroup.ro\/ro\/stiri\/de-la-ora-2030-focul-arde-puternic-la-marea-premiera-insula-iubirii-sezonul-x-la-antena-1-si-pe-antenaplay-nimic-nu-va-mai-fi-la-fel.html"]}]},{"@type":"ImageObject","inLanguage":"ro-RO","@id":"https:\/\/antenagroup.ro\/ro\/stiri\/de-la-ora-2030-focul-arde-puternic-la-marea-premiera-insula-iubirii-sezonul-x-la-antena-1-si-pe-antenaplay-nimic-nu-va-mai-fi-la-fel.html#primaryimage","url":"https:\/\/antenagroup.ro\/wp-content\/uploads\/2026\/09\/Radu-Valcan-scaled-e1788518697855.jpg","contentUrl":"https:\/\/antenagroup.ro\/wp-content\/uploads\/2026\/09\/Radu-Valcan-scaled-e1788518697855.jpg","width":1698,"height":1062},{"@type":"BreadcrumbList","@id":"https:\/\/antenagroup.ro\/ro\/stiri\/de-la-ora-2030-focul-arde-puternic-la-marea-premiera-insula-iubirii-sezonul-x-la-antena-1-si-pe-antenaplay-nimic-nu-va-mai-fi-la-fel.html#breadcrumb","itemListElement":[{"@type":"ListItem","position":1,"name":"Prima pagin\u0103","item":"https:\/\/antenagroup.ro\/ro"},{"@type":"ListItem","position":2,"name":"De la ora 20:30, focul arde puternic la marea premier\u0103 Insula Iubirii, sezonul X, la Antena 1 \u0219i pe AntenaPLAY: \u201dNimic nu va mai fi la fel\u201d"}]},{"@type":"WebSite","@id":"https:\/\/antenagroup.ro\/ro#website","url":"https:\/\/antenagroup.ro\/ro","name":"Antena Group - Leading Media & Entertainment in Romania | Antena TV Group","description":"","publisher":{"@id":"https:\/\/antenagroup.ro\/ro#organization"},"alternateName":"Antena Group","potentialAction":[{"@type":"SearchAction","target":{"@type":"EntryPoint","urlTemplate":"https:\/\/antenagroup.ro\/ro?s={search_term_string}"},"query-input":{"@type":"PropertyValueSpecification","valueRequired":true,"valueName":"search_term_string"}}],"inLanguage":"ro-RO"},{"@type":"Organization","@id":"https:\/\/antenagroup.ro\/ro#organization","name":"Antena TV Group","url":"https:\/\/antenagroup.ro\/ro","logo":{"@type":"ImageObject","inLanguage":"ro-RO","@id":"https:\/\/antenagroup.ro\/ro#\/schema\/logo\/image\/","url":"https:\/\/antenagroup.ro\/wp-content\/uploads\/2024\/10\/logo-antenagroup-fb.png","contentUrl":"https:\/\/antenagroup.ro\/wp-content\/uploads\/2024\/10\/logo-antenagroup-fb.png","width":253,"height":200,"caption":"Antena TV Group"},"image":{"@id":"https:\/\/antenagroup.ro\/ro#\/schema\/logo\/image\/"},"sameAs":["https:\/\/ro.linkedin.com\/company\/antenagroup"]},{"@type":"Person","@id":"https:\/\/antenagroup.ro\/ro#\/schema\/person\/3b51278da5026fa447486687e0e16ae3","name":"Iulia Nicolaescu","image":{"@type":"ImageObject","inLanguage":"ro-RO","@id":"https:\/\/secure.gravatar.com\/avatar\/66a4875f23399fbea5b3819850c1819e89a51ade8644ed80873a20b325b40b5b?s=96&d=mm&r=g","url":"https:\/\/secure.gravatar.com\/avatar\/66a4875f23399fbea5b3819850c1819e89a51ade8644ed80873a20b325b40b5b?s=96&d=mm&r=g","contentUrl":"https:\/\/secure.gravatar.com\/avatar\/66a4875f23399fbea5b3819850c1819e89a51ade8644ed80873a20b325b40b5b?s=96&d=mm&r=g","caption":"Iulia Nicolaescu"},"url":"https:\/\/antenagroup.ro\/ro\/author\/iulia-nicolaescu"}]}},"jetpack_featured_media_url":"https:\/\/antenagroup.ro\/wp-content\/uploads\/2026\/09\/Radu-Valcan-scaled-e1788518697855.jpg","_links":{"self":[{"href":"https:\/\/antenagroup.ro\/ro\/wp-json\/wp\/v2\/posts\/37781","targetHints":{"allow":["GET"]}}],"collection":[{"href":"https:\/\/antenagroup.ro\/ro\/wp-json\/wp\/v2\/posts"}],"about":[{"href":"https:\/\/antenagroup.ro\/ro\/wp-json\/wp\/v2\/types\/post"}],"author":[{"embeddable":true,"href":"https:\/\/antenagroup.ro\/ro\/wp-json\/wp\/v2\/users\/10"}],"replies":[{"embeddable":true,"href":"https:\/\/antenagroup.ro\/ro\/wp-json\/wp\/v2\/comments?post=37781"}],"version-history":[{"count":3,"href":"https:\/\/antenagroup.ro\/ro\/wp-json\/wp\/v2\/posts\/37781\/revisions"}],"predecessor-version":[{"id":37790,"href":"https:\/\/antenagroup.ro\/ro\/wp-json\/wp\/v2\/posts\/37781\/revisions\/37790"}],"wp:featuredmedia":[{"embeddable":true,"href":"https:\/\/antenagroup.ro\/ro\/wp-json\/wp\/v2\/media\/37784"}],"wp:attachment":[{"href":"https:\/\/antenagroup.ro\/ro\/wp-json\/wp\/v2\/media?parent=37781"}],"wp:term":[{"taxonomy":"category","embeddable":true,"href":"https:\/\/antenagroup.ro\/ro\/wp-json\/wp\/v2\/categories?post=37781"},{"taxonomy":"post_tag","embeddable":true,"href":"https:\/\/antenagroup.ro\/ro\/wp-json\/wp\/v2\/tags?post=37781"}],"curies":[{"name":"wp","href":"https:\/\/api.w.org\/{rel}","templated":true}]}}